{"provider_url": "https://www.lupionopolis.pr.leg.br", "title": "Ben\u00e7\u00e3o do Padre Jorge", "html": "<h3><span>Com a Ben\u00e7\u00e3o do Padre Jorge, ontem dia 15 de fevereiro iniciou os trabalhos legislativos do ano de 2023, com a 1\u00aa Sess\u00e3o Ordin\u00e1ria, com a presen\u00e7a de todos os Vereadores. Desejamos um excelente ano a todos os mun\u00edcipes e tamb\u00e9m agradecemos imensamente a presen\u00e7a ilustre do nosso P\u00e1roco. PADRE JORGE</span></h3>\r\n<p><span><br /></span></p>\r\n<p><span>\u00a0 \u00a0 \u00a0 \u00a0 \u00a0 \u00a0 \u00a0 \u00a0 \u00a0 \u00a0 \u00a0 \u00a0 \u00a0 \u00a0 \u00a0 \u00a0 \u00a0 \u00a0 \u00a0 \u00a0 \u00a0 \u00a0 \u00a0 \u00a0 \u00a0 \u00a0 \u00a0 \u00a0 \u00a0 \u00a0 \u00a0 \u00a0<img src=\"https://www.lupionopolis.pr.leg.br/Fotonoticia1400400.jpg\" alt=\"\" class=\"image-inline\" title=\"\" />\u00a0 \u00a0 \u00a0 \u00a0 \u00a0 \u00a0 \u00a0 \u00a0<img src=\"https://www.lupionopolis.pr.leg.br/Fotonoticia2400400.jpg\" alt=\"\" class=\"image-inline\" title=\"\" />\u00a0 \u00a0 </span></p>\r\n<p><span>\u00a0</span></p>\r\n<p><span>\u00a0 \u00a0 \u00a0 \u00a0 \u00a0 \u00a0 \u00a0 \u00a0 \u00a0 \u00a0 \u00a0 \u00a0 \u00a0 \u00a0 \u00a0 \u00a0 \u00a0 \u00a0 \u00a0 \u00a0 \u00a0 \u00a0 \u00a0 \u00a0 \u00a0 \u00a0 \u00a0 \u00a0 \u00a0 \u00a0 \u00a0 \u00a0<img src=\"https://www.lupionopolis.pr.leg.br/Fotonoticia3400400.jpg\" alt=\"\" class=\"image-inline\" title=\"\" />\u00a0 \u00a0 \u00a0 \u00a0 \u00a0 \u00a0 \u00a0 \u00a0<img src=\"https://www.lupionopolis.pr.leg.br/Fotonoticia4400400.jpg\" alt=\"\" class=\"image-inline\" title=\"\" /><br /></span></p>", "author_name": "", "version": "1.0", "author_url": "https://www.lupionopolis.pr.leg.br/author/adm", "provider_name": "C\u00e2mara Municipal de Lupion\u00f3polis", "type": "rich"}